{"id":34492,"date":"2020-03-02T14:11:33","date_gmt":"2020-03-02T14:11:33","guid":{"rendered":"https:\/\/www.knowhowtransfer.com\/?p=34492"},"modified":"2022-08-11T08:45:28","modified_gmt":"2022-08-11T08:45:28","slug":"https-www-knowhowtransfer-com-it-trentanni-fa-nasceva-photoshop-cosa-e-successo-prima-di-allora","status":"publish","type":"post","link":"https:\/\/www.knowhowtransfer.com\/it\/https-www-knowhowtransfer-com-it-trentanni-fa-nasceva-photoshop-cosa-e-successo-prima-di-allora\/","title":{"rendered":"Trent&#8217;anni fa nasceva Photoshop. Cosa \u00e8 successo prima di allora"},"content":{"rendered":"<p>[et_pb_section fb_built=&#8221;1&#8243; make_equal=&#8221;on&#8221; module_class=&#8221;align-items: center&#8221; _builder_version=&#8221;4.16&#8243; background_color=&#8221;#f7f4f4&#8243; width=&#8221;100%&#8221; custom_margin=&#8221;||35px||false|false&#8221; custom_margin_tablet=&#8221;||0px||false|false&#8221; custom_margin_phone=&#8221;&#8221; custom_margin_last_edited=&#8221;on|desktop&#8221; custom_padding=&#8221;0px||||false|false&#8221; custom_css_main_element=&#8221;align-items: center;&#8221; global_colors_info=&#8221;{}&#8221;][et_pb_row _builder_version=&#8221;4.16&#8243; custom_padding=&#8221;0px||||false|false&#8221; global_colors_info=&#8221;{}&#8221;][et_pb_column type=&#8221;4_4&#8243; _builder_version=&#8221;4.16&#8243; global_colors_info=&#8221;{}&#8221;][et_pb_post_title categories=&#8221;off&#8221; comments=&#8221;off&#8221; featured_image=&#8221;off&#8221; _builder_version=&#8221;4.16&#8243; title_font=&#8221;|600|||||||&#8221; title_text_color=&#8221;#008093&#8243; title_font_size=&#8221;24px&#8221; text_orientation=&#8221;center&#8221; custom_margin=&#8221;50px||||false|false&#8221; custom_margin_tablet=&#8221;38px||||false|false&#8221; custom_margin_phone=&#8221;35px||||false|false&#8221; custom_margin_last_edited=&#8221;on|tablet&#8221; custom_padding=&#8221;||0px||false|false&#8221; title_text_color_tablet=&#8221;&#8221; title_text_color_phone=&#8221;&#8221; title_text_color_last_edited=&#8221;on|phone&#8221; global_colors_info=&#8221;{}&#8221;][\/et_pb_post_title][\/et_pb_column][\/et_pb_row][et_pb_row column_structure=&#8221;1_2,1_2&#8243; make_equal=&#8221;on&#8221; module_class=&#8221;align-items: center&#8221; _builder_version=&#8221;4.16&#8243; width=&#8221;100%&#8221; custom_margin=&#8221;||35px||false|false&#8221; custom_margin_tablet=&#8221;||0px||false|false&#8221; custom_margin_phone=&#8221;&#8221; custom_margin_last_edited=&#8221;on|desktop&#8221; custom_padding=&#8221;10px||||false|false&#8221; custom_css_main_element=&#8221;align-items: center;&#8221; locked=&#8221;off&#8221; global_colors_info=&#8221;{}&#8221;][et_pb_column type=&#8221;1_2&#8243; saved_specialty_column_type=&#8221;3_4&#8243; _builder_version=&#8221;4.16&#8243; global_colors_info=&#8221;{}&#8221;][et_pb_image src=&#8221;https:\/\/d3qibwwkc7urrh.cloudfront.net\/wp-content\/uploads\/2020\/02\/27100118\/Photoshop1-icon.gif&#8221; alt=&#8221;Photoshop 1 Icon&#8221; title_text=&#8221;Photoshop 1 Icon&#8221; _builder_version=&#8221;4.16&#8243; animation_style=&#8221;slide&#8221; animation_direction=&#8221;left&#8221; global_colors_info=&#8221;{}&#8221;][\/et_pb_image][\/et_pb_column][et_pb_column type=&#8221;1_2&#8243; saved_specialty_column_type=&#8221;3_4&#8243; _builder_version=&#8221;4.16&#8243; global_colors_info=&#8221;{}&#8221;][et_pb_text admin_label=&#8221;Compatibility: scripts &#8221; _builder_version=&#8221;4.16&#8243; header_2_font=&#8221;|600|||||||&#8221; header_2_text_color=&#8221;#008093&#8243; header_2_font_size=&#8221;22px&#8221; background_size=&#8221;initial&#8221; background_position=&#8221;top_left&#8221; background_repeat=&#8221;repeat&#8221; custom_margin=&#8221;|15px||0px|false|false&#8221; custom_padding=&#8221;||0px|||&#8221; global_colors_info=&#8221;{}&#8221;]<\/p>\n<p>Il 19 Febbraio 1990, Adobe rilasciava Photoshop 1.0, destinato a rivoluzionare il Photo Editing e cambiare per sempre la vita professionale di molti noi.<\/p>\n<p>Ma come si \u00e8 arrivati a quella fatidica data? Cos\u2019\u00e8 successo prima? Forse molti di voi non lo sanno.<br \/> Lasciate che vi racconti la storia di uomini ed aziende che hanno creato le condizioni per un\u2019innovazione cos\u00ec radicale.<br \/> Per ultimo, un aneddoto sul mio primo approccio a Photoshop.<\/p>\n<p>[\/et_pb_text][\/et_pb_column][\/et_pb_row][et_pb_row column_structure=&#8221;1_2,1_2&#8243; make_equal=&#8221;on&#8221; module_class=&#8221;align-items: center&#8221; _builder_version=&#8221;4.16&#8243; width=&#8221;100%&#8221; custom_margin=&#8221;||35px||false|false&#8221; custom_margin_tablet=&#8221;||0px||false|false&#8221; custom_margin_phone=&#8221;&#8221; custom_margin_last_edited=&#8221;on|desktop&#8221; custom_padding=&#8221;10px||||false|false&#8221; custom_css_main_element=&#8221;align-items: center;&#8221; locked=&#8221;off&#8221; global_colors_info=&#8221;{}&#8221;][et_pb_column type=&#8221;1_2&#8243; saved_specialty_column_type=&#8221;3_4&#8243; _builder_version=&#8221;4.16&#8243; global_colors_info=&#8221;{}&#8221;][et_pb_text admin_label=&#8221;Compatibility: plugins&#8221; _builder_version=&#8221;4.16&#8243; header_2_font=&#8221;|600|||||||&#8221; header_2_text_color=&#8221;#008093&#8243; header_2_font_size=&#8221;22px&#8221; background_size=&#8221;initial&#8221; background_position=&#8221;top_left&#8221; background_repeat=&#8221;repeat&#8221; custom_margin=&#8221;|||15px|false|false&#8221; custom_padding=&#8221;0px|||||&#8221; global_colors_info=&#8221;{}&#8221;]<\/p>\n<h2>1959. Adriano Olivetti<\/h2>\n<hr \/>\n<p>Molti pensano che tutto sia partito con Apple, ma non \u00e8 cos\u00ec.<br \/> Il pioniere fu Adriano Olivetti, un imprenditore rivoluzionario ed innovatore. Il suo concetto di azienda aveva come centrale l\u2019idea che il profitto andasse reinvestito per il bene dei dipendenti e della comunit\u00e0. Credeva inoltre fortemente nell&#8217;innovazione.<\/p>\n<p>Pur essendo Olivetti una azienda tecnologica, Adriano assumeva nei ruoli dirigenziali oltre a tecnici e scienziati, anche umanisti ed artisti. Ingaggiava inoltre i migliori designer del tempo. Insomma l\u2019azienda era diventata una fucina di innovazione ad ogni livello.<\/p>\n<p>Le macchine da scrivere erano il prodotto di punta, ma progressivamente Olivetti si dedic\u00f2 alla tecnologia avanzata, con una serie di innovazioni sorprendenti. I passi pi\u00f9 importanti furono il primo personal computer, <a href=\"https:\/\/it.wikipedia.org\/wiki\/Olivetti_Elea_9003\" target=\"_blank\" rel=\"noopener noreferrer\">L\u2019ELEA 9003<\/a>, progettato da <a href=\"https:\/\/it.wikipedia.org\/wiki\/Mario_Tchou\" target=\"_blank\" rel=\"noopener noreferrer\">Mario Tchou<\/a> e disegnato da Ettore Sottsass, il desktop computer nel 1965, e l\u2019invenzione delle icone. Una piccola parte di questi progetti ebbe successo commerciale e fu necessario attendere 10, 15 anni perch\u00e9 trovassero piena applicazione.<\/p>\n<p>[\/et_pb_text][\/et_pb_column][et_pb_column type=&#8221;1_2&#8243; saved_specialty_column_type=&#8221;3_4&#8243; _builder_version=&#8221;4.16&#8243; global_colors_info=&#8221;{}&#8221;][et_pb_image src=&#8221;https:\/\/d3qibwwkc7urrh.cloudfront.net\/wp-content\/uploads\/2020\/02\/26140123\/adriano-olivettilogo-1.jpg&#8221; alt=&#8221;Adriano Olivetti at Ivrea &#8211; The Olivetti Logo&#8221; title_text=&#8221;Adriano Olivetti at Ivrea &#8211; The Olivetti Logo&#8221; _builder_version=&#8221;4.16&#8243; animation_style=&#8221;slide&#8221; animation_direction=&#8221;right&#8221; global_colors_info=&#8221;{}&#8221;][\/et_pb_image][\/et_pb_column][\/et_pb_row][et_pb_row column_structure=&#8221;1_2,1_2&#8243; make_equal=&#8221;on&#8221; module_class=&#8221;align-items: center&#8221; _builder_version=&#8221;4.16&#8243; width=&#8221;100%&#8221; custom_margin=&#8221;||35px||false|false&#8221; custom_margin_tablet=&#8221;||0px||false|false&#8221; custom_margin_phone=&#8221;&#8221; custom_margin_last_edited=&#8221;on|desktop&#8221; custom_padding=&#8221;10px||||false|false&#8221; custom_css_main_element=&#8221;align-items: center;&#8221; locked=&#8221;off&#8221; global_colors_info=&#8221;{}&#8221;][et_pb_column type=&#8221;1_2&#8243; saved_specialty_column_type=&#8221;3_4&#8243; _builder_version=&#8221;4.16&#8243; global_colors_info=&#8221;{}&#8221;][et_pb_image src=&#8221;https:\/\/d3qibwwkc7urrh.cloudfront.net\/wp-content\/uploads\/2020\/02\/26144016\/Olivetti_Programma_101-1.jpg&#8221; alt=&#8221;Olivetti Programma 101. The first desktop computer.&#8221; title_text=&#8221;Olivetti Programma 101. The first desktop computer.&#8221; _builder_version=&#8221;4.16&#8243; animation_style=&#8221;slide&#8221; animation_direction=&#8221;left&#8221; global_colors_info=&#8221;{}&#8221;][\/et_pb_image][\/et_pb_column][et_pb_column type=&#8221;1_2&#8243; saved_specialty_column_type=&#8221;3_4&#8243; _builder_version=&#8221;4.16&#8243; global_colors_info=&#8221;{}&#8221;][et_pb_text admin_label=&#8221;Compatibility: scripts &#8221; _builder_version=&#8221;4.16&#8243; header_2_font=&#8221;|600|||||||&#8221; header_2_text_color=&#8221;#008093&#8243; header_2_font_size=&#8221;22px&#8221; background_size=&#8221;initial&#8221; background_position=&#8221;top_left&#8221; background_repeat=&#8221;repeat&#8221; custom_margin=&#8221;|15px||0px|false|false&#8221; custom_padding=&#8221;||0px|||&#8221; global_colors_info=&#8221;{}&#8221;]<\/p>\n<h2>1965. Olivetti Programma 101 Desktop Computer.<\/h2>\n<hr \/>\n<p>Il lancio fu alla Fiera Mondiale di New York il 15 Ottobre 1965 ed il successo fu straordinario. Il computer \u201cstava su un tavolo\u201d e la sua potenza di calcolo era incredibile. Il prezzo era incredibilmente basso per l\u2019epoca: $3200.<br \/><a href=\"http:\/\/www.silab.it\/frox\/p101\/press.html\" target=\"_blank\" rel=\"noopener noreferrer\">Il New Your Journal American scrisse<\/a>: <em>Probabilmente avremo un computer in ogni ufficio prima di avere due macchine in ogni garage.<\/em><\/p>\n<p>La NASA ne acquist\u00f2 42 esemplari, usati per i calcoli del programma Apollo e per lo sbarco sulla luna. Per questo il &#8220;Programma 101&#8221; fu ribattezzato &#8220;<a href=\"https:\/\/spectrum.ieee.org\/tech-history\/silicon-revolution\/the-calculator-that-helped-land-men-on-the-moon\" target=\"_blank\" rel=\"noopener noreferrer\">The Calculator That Helped Land Men on the Moon<\/a>&#8221; (Il computer che ha aiutato l&#8217;uomo ad andare sulla luna).<br \/><a href=\"http:\/\/www.silab.it\/frox\/p101\/press.html\" target=\"_blank\" rel=\"noopener noreferrer\">Qui potete leggere<\/a> una rassegna stampa sulle pi\u00f9 importanti riviste americane del tempo..<\/p>\n<p>La macchina fu molto copiata. Hewlett-Packard fu condannata a pagare ad Olivetti\u00a0 $900,000 in royalties per averne copiato architettura e schede magnetiche nel suo HP 9100. <a href=\"https:\/\/spectrum.ieee.org\/tech-history\/silicon-revolution\/the-calculator-that-helped-land-men-on-the-moon\" target=\"_blank\" rel=\"noopener noreferrer\">Fonte.<\/a><\/p>\n<p>&nbsp;<\/p>\n<p>[\/et_pb_text][\/et_pb_column][\/et_pb_row][et_pb_row column_structure=&#8221;1_2,1_2&#8243; make_equal=&#8221;on&#8221; module_class=&#8221;align-items: center&#8221; _builder_version=&#8221;4.16&#8243; width=&#8221;100%&#8221; custom_margin=&#8221;||35px||false|false&#8221; custom_margin_tablet=&#8221;||0px||false|false&#8221; custom_margin_phone=&#8221;&#8221; custom_margin_last_edited=&#8221;on|desktop&#8221; custom_padding=&#8221;10px||||false|false&#8221; custom_css_main_element=&#8221;align-items: center;&#8221; locked=&#8221;off&#8221; global_colors_info=&#8221;{}&#8221;][et_pb_column type=&#8221;1_2&#8243; saved_specialty_column_type=&#8221;3_4&#8243; _builder_version=&#8221;4.16&#8243; global_colors_info=&#8221;{}&#8221;][et_pb_text admin_label=&#8221;Compatibility: plugins&#8221; _builder_version=&#8221;4.16&#8243; header_2_font=&#8221;|600|||||||&#8221; header_2_text_color=&#8221;#008093&#8243; header_2_font_size=&#8221;22px&#8221; background_size=&#8221;initial&#8221; background_position=&#8221;top_left&#8221; background_repeat=&#8221;repeat&#8221; custom_margin=&#8221;|||15px|false|false&#8221; custom_padding=&#8221;0px|||||&#8221; global_colors_info=&#8221;{}&#8221;]<\/p>\n<h2>Ma chi ha inventato le icone?<\/h2>\n<hr \/>\n<p>Ancora una volta, il pioniere fu Olivetti.<br \/> Invece di tradurre i comandi dall\u2019italiano ad inglese, francese, tedesco l\u2019idea fu di studiare delle icone che rappresentassero i comandi stessi. Alla <a href=\"https:\/\/en.wikipedia.org\/wiki\/Ulm_School_of_Design\" target=\"_blank\" rel=\"noopener noreferrer\">Ulm School of Design<\/a>, una prestigiosa scuola di design, fu commissionato lo sviluppo di un sistema di simboli, indipendente dalla lingua. Queste icone non furono mai estensivamente usate da Olivetti, ma furono la base dello sviluppo del moderno concetto di icone nelle interfacce dei computer. <a href=\"https:\/\/spectrum.ieee.org\/tech-history\/silicon-revolution\/the-italian-computer-olivettis-elea-9003-was-a-study-in-elegant-ergonomic-design\" target=\"_blank\" rel=\"noopener noreferrer\">Fonte.<\/a><\/p>\n<p>Molti anni dopo Larry Tesler svilupp\u00f2 un sistema pi\u00f9 avanzato di icone al <a href=\"https:\/\/www.xerox.it\/it-it\/innovation\/parc\" target=\"_blank\" rel=\"noopener noreferrer\">Xerox Paolo Alto Research Center (PARC)<\/a>, ma Xerox non ne comprese l\u2019importanza ed il progetto non ebbe seguito.<\/p>\n<p>Se oggi abbiamo le icone (ed il mouse) fu perch\u00e9, nel 1979 Steve Jobs visit\u00f2 IL PARC commentando che \u201cXerox non si rendeva conto di essere seduta su una montagna d\u2019oro\u201d.<br \/> Secondo alcuni fu \u201cla pi\u00f9 grande rapina nella storia del computer\u201d, ma quella visita fu autorizzata da Xerox che stava diventando partner di Apple.<\/p>\n<p>Le icone di Macintosh, che vedete qui furono <a href=\"http:\/\/maas-interface-exhibition.s3-website-ap-southeast-2.amazonaws.com\/object\/macintosh-icons\/index.html\" target=\"_blank\" rel=\"noopener noreferrer\">disegnate da Susan Kare.<\/a><\/p>\n<p>[\/et_pb_text][\/et_pb_column][et_pb_column type=&#8221;1_2&#8243; saved_specialty_column_type=&#8221;3_4&#8243; _builder_version=&#8221;4.16&#8243; global_colors_info=&#8221;{}&#8221;][et_pb_image src=&#8221;https:\/\/d3qibwwkc7urrh.cloudfront.net\/wp-content\/uploads\/2020\/02\/26161536\/vintage-icons.jpg&#8221; alt=&#8221;Vintage Macintosh Icons by Susan Kare&#8221; title_text=&#8221;Vintage Macintosh Icons by Susan Kare&#8221; _builder_version=&#8221;4.16&#8243; animation_style=&#8221;slide&#8221; animation_direction=&#8221;right&#8221; global_colors_info=&#8221;{}&#8221;][\/et_pb_image][\/et_pb_column][\/et_pb_row][et_pb_row column_structure=&#8221;1_2,1_2&#8243; make_equal=&#8221;on&#8221; module_class=&#8221;align-items: center&#8221; _builder_version=&#8221;4.16&#8243; width=&#8221;100%&#8221; custom_margin=&#8221;||35px||false|false&#8221; custom_margin_tablet=&#8221;||0px||false|false&#8221; custom_margin_phone=&#8221;&#8221; custom_margin_last_edited=&#8221;on|desktop&#8221; custom_padding=&#8221;10px||||false|false&#8221; custom_css_main_element=&#8221;align-items: center;&#8221; locked=&#8221;off&#8221; global_colors_info=&#8221;{}&#8221;][et_pb_column type=&#8221;1_2&#8243; saved_specialty_column_type=&#8221;3_4&#8243; _builder_version=&#8221;4.16&#8243; global_colors_info=&#8221;{}&#8221;][et_pb_image src=&#8221;https:\/\/d3qibwwkc7urrh.cloudfront.net\/wp-content\/uploads\/2020\/02\/26163328\/Larry-Tesler.jpg&#8221; alt=&#8221;Larry Tesler&#8221; title_text=&#8221;Larry Tesler&#8221; _builder_version=&#8221;4.16&#8243; animation_style=&#8221;slide&#8221; animation_direction=&#8221;left&#8221; global_colors_info=&#8221;{}&#8221;][\/et_pb_image][\/et_pb_column][et_pb_column type=&#8221;1_2&#8243; saved_specialty_column_type=&#8221;3_4&#8243; _builder_version=&#8221;4.16&#8243; global_colors_info=&#8221;{}&#8221;][et_pb_text admin_label=&#8221;Compatibility: scripts &#8221; _builder_version=&#8221;4.16&#8243; header_2_font=&#8221;|600|||||||&#8221; header_2_text_color=&#8221;#008093&#8243; header_2_font_size=&#8221;22px&#8221; background_size=&#8221;initial&#8221; background_position=&#8221;top_left&#8221; background_repeat=&#8221;repeat&#8221; custom_margin=&#8221;|15px||0px|false|false&#8221; custom_padding=&#8221;||0px|||&#8221; global_colors_info=&#8221;{}&#8221;]<\/p>\n<h2>1975. Larry Tesler ed il PARC<\/h2>\n<hr \/>\n<p>Larry Tesler era uno scienziato informatico americano specializzato nell\u2019interazione uomo\/computer. Il suo motto era \u201cquello che vedi \u00e8 quello che \u00e8\u201d.<br \/> Al Xerox Palo Alto Research Center, svilupp\u00f2 il concetto del copia\/incolla, delle icone e l\u2019idea del &#8220;modeless software&#8221;, cio\u00e8 senza usare una serie di comandi testuali che rimandavano ad un altro.<\/p>\n<p>Partendo da questa idea, Tesler svilupp\u00f2 il concetto delle icone, dell\u2019interfaccia grafica e del mouse. Xerox per\u00f2 non era interessata a sviluppare queste funzioni e queste idee furono colte al volo da Steve Jobs, dopo una visita al PARC.<\/p>\n<p>Pi\u00f9 tardi Tesler pass\u00f2 ad Apple dove lavor\u00f2 ai progetti di Apple Lisa ed Apple Newton.<\/p>\n<p><a href=\"https:\/\/www.ilpost.it\/2020\/02\/20\/larry-tesler-inventore-copia-incolla-morto\/\" target=\"_blank\" rel=\"noopener noreferrer\">Un bell&#8217;articolo del Post su Larry Tesler<\/a><\/p>\n<p>[\/et_pb_text][\/et_pb_column][\/et_pb_row][et_pb_row column_structure=&#8221;1_2,1_2&#8243; make_equal=&#8221;on&#8221; module_class=&#8221;align-items: center&#8221; _builder_version=&#8221;4.16&#8243; width=&#8221;100%&#8221; custom_margin=&#8221;||35px||false|false&#8221; custom_margin_tablet=&#8221;||0px||false|false&#8221; custom_margin_phone=&#8221;&#8221; custom_margin_last_edited=&#8221;on|desktop&#8221; custom_padding=&#8221;10px||||false|false&#8221; custom_css_main_element=&#8221;align-items: center;&#8221; locked=&#8221;off&#8221; global_colors_info=&#8221;{}&#8221;][et_pb_column type=&#8221;1_2&#8243; saved_specialty_column_type=&#8221;3_4&#8243; _builder_version=&#8221;4.16&#8243; global_colors_info=&#8221;{}&#8221;][et_pb_text admin_label=&#8221;Compatibility: plugins&#8221; _builder_version=&#8221;4.16&#8243; header_2_font=&#8221;|600|||||||&#8221; header_2_text_color=&#8221;#008093&#8243; header_2_font_size=&#8221;22px&#8221; background_size=&#8221;initial&#8221; background_position=&#8221;top_left&#8221; background_repeat=&#8221;repeat&#8221; custom_margin=&#8221;|||15px|false|false&#8221; custom_padding=&#8221;0px|||||&#8221; global_colors_info=&#8221;{}&#8221;]<\/p>\n<h2>1978 &#8211; 1984. Steve Jobs e l&#8217;Apple Macintosh<\/h2>\n<hr \/>\n<p>Steve Jobs capitalizz\u00f2 e mise in pratica tutto quello di cui abbiamo parlato finora. Apple Lisa e soprattutto il Macintosh rivoluzionarono il personal computer.<\/p>\n<p>Dopo il Macintosh, lanciato nel 1984, le altre tecnologie diventarono di colpo obsolete. Era iniziata una nuova era e finalmente, c\u2019era un sistema adatto per mettere in pratica le brillanti idee dei fratelli Knoll.<\/p>\n<p>[\/et_pb_text][\/et_pb_column][et_pb_column type=&#8221;1_2&#8243; saved_specialty_column_type=&#8221;3_4&#8243; _builder_version=&#8221;4.16&#8243; global_colors_info=&#8221;{}&#8221;][et_pb_image src=&#8221;https:\/\/d3qibwwkc7urrh.cloudfront.net\/wp-content\/uploads\/2020\/02\/27090819\/Apple-Computer-First-Logo.jpg&#8221; alt=&#8221;The first Apple %22Rainbow%22 Logo&#8221; title_text=&#8221;The first Apple %22Rainbow%22 Logo&#8221; _builder_version=&#8221;4.16&#8243; animation_style=&#8221;slide&#8221; animation_direction=&#8221;right&#8221; global_colors_info=&#8221;{}&#8221;][\/et_pb_image][\/et_pb_column][\/et_pb_row][et_pb_row column_structure=&#8221;1_2,1_2&#8243; make_equal=&#8221;on&#8221; module_class=&#8221;align-items: center&#8221; _builder_version=&#8221;4.16&#8243; width=&#8221;100%&#8221; custom_margin=&#8221;|175px|35px|auto|false|false&#8221; custom_margin_tablet=&#8221;||0px||false|false&#8221; custom_margin_phone=&#8221;&#8221; custom_margin_last_edited=&#8221;on|desktop&#8221; custom_padding=&#8221;10px||||false|false&#8221; custom_css_main_element=&#8221;align-items: center;&#8221; locked=&#8221;off&#8221; global_colors_info=&#8221;{}&#8221;][et_pb_column type=&#8221;1_2&#8243; saved_specialty_column_type=&#8221;3_4&#8243; _builder_version=&#8221;4.16&#8243; global_colors_info=&#8221;{}&#8221;][et_pb_image src=&#8221;https:\/\/d3qibwwkc7urrh.cloudfront.net\/wp-content\/uploads\/2020\/02\/26173908\/Thomas-Knoll-and-Photoshop-1.jpg&#8221; alt=&#8221;Thomas Knoll with a Macintosh displaying Photoshop 1&#8243; title_text=&#8221;Thomas Knoll with a Macintosh displaying Photoshop 1&#8243; _builder_version=&#8221;4.16&#8243; animation_style=&#8221;slide&#8221; animation_direction=&#8221;left&#8221; animation_speed_curve=&#8221;linear&#8221; global_colors_info=&#8221;{}&#8221;][\/et_pb_image][\/et_pb_column][et_pb_column type=&#8221;1_2&#8243; saved_specialty_column_type=&#8221;3_4&#8243; _builder_version=&#8221;4.16&#8243; global_colors_info=&#8221;{}&#8221;][et_pb_text admin_label=&#8221;Compatibility: scripts &#8221; _builder_version=&#8221;4.16&#8243; header_2_font=&#8221;|600|||||||&#8221; header_2_text_color=&#8221;#008093&#8243; header_2_font_size=&#8221;22px&#8221; background_size=&#8221;initial&#8221; background_position=&#8221;top_left&#8221; background_repeat=&#8221;repeat&#8221; custom_margin=&#8221;|15px||0px|false|false&#8221; custom_padding=&#8221;0px||0px|||&#8221; global_colors_info=&#8221;{}&#8221;]<\/p>\n<h2>1990. Thomas Knoll e Photoshop<\/h2>\n<hr \/>\n<p>Thomas Knoll \u00e8 il programmatore americano che ha creato Photoshop.<\/p>\n<p>Questo software rivoluzionario fu sviluppato dai fratelli Thomas e John Knoll che cedettero la licenza ad Adobe. Nel tardo 1988 le prime 200 copie di una versione beta, furo rilasciate in pacchetto con lo scanner per diapositive Barneyscan.<\/p>\n<p>Finalmente, trent&#8217;anni fa, il 19 Febbraio 1990, Adobe rilasciava Photoshop 1.0, destinato in breve a rivoluzionare, o meglio reinventare il photo editing.<\/p>\n<p><a href=\"https:\/\/chris-reilly.org\/blog\/working-in-photoshop-1-0\/\" target=\"_blank\" rel=\"noopener noreferrer\">Come si lavorava in Photoshop 1.<\/a><br \/> Non perdetevi questo splendido post di Chris Reilly<\/p>\n<p>[\/et_pb_text][\/et_pb_column][\/et_pb_row][et_pb_row column_structure=&#8221;1_2,1_2&#8243; make_equal=&#8221;on&#8221; module_class=&#8221;align-items: center&#8221; _builder_version=&#8221;4.16&#8243; width=&#8221;100%&#8221; custom_margin=&#8221;||35px||false|false&#8221; custom_margin_tablet=&#8221;||0px||false|false&#8221; custom_margin_phone=&#8221;&#8221; custom_margin_last_edited=&#8221;on|desktop&#8221; custom_padding=&#8221;10px||||false|false&#8221; custom_css_main_element=&#8221;align-items: center;&#8221; locked=&#8221;off&#8221; global_colors_info=&#8221;{}&#8221;][et_pb_column type=&#8221;1_2&#8243; saved_specialty_column_type=&#8221;3_4&#8243; _builder_version=&#8221;4.16&#8243; global_colors_info=&#8221;{}&#8221;][et_pb_text admin_label=&#8221;Compatibility: plugins&#8221; _builder_version=&#8221;4.16&#8243; header_2_font=&#8221;|600|||||||&#8221; header_2_text_color=&#8221;#008093&#8243; header_2_font_size=&#8221;22px&#8221; background_size=&#8221;initial&#8221; background_position=&#8221;top_left&#8221; background_repeat=&#8221;repeat&#8221; custom_margin=&#8221;|||15px|false|false&#8221; custom_padding=&#8221;0px|||||&#8221; global_colors_info=&#8221;{}&#8221;]<\/p>\n<h2>Il mio primo approccio a Photoshop<\/h2>\n<hr \/>\n<p>Capitai a casa di un amico che stava ritoccando un\u2019immagine usando lo strumento tampone di Photoshop. Rimasi scioccato e pensai: questo deve essere mio!<\/p>\n<p>Per iniziare, acquistai un Macintosh Pro 9600, e pochi mesi pi\u00f9 tardi, il mio primo portatile, il Macintosh Wallstreet. C\u2019erano tre modelli nella gamma. Optai per il modello base, che costava tre milioni ed era dotato di un hard disk da 2GB.<\/p>\n<p>Come primo test iniziai a ritoccare un\u2019immagine usando il tampone. Dopo dieci minuti di utilizzo, commentai con disappunto: \u201cpensavo fosse pi\u00f9 scattante\u201d.<br \/>Non mi ero accorto che con un errato comando di scrivania avevo duplicato moltissime volte il livello base ed il peso totale del file era 800MB.<br \/>Vi rendete conto? Con un hard disk da 2000MB, contenente il sistema operativo, Photoshop ed altre applicazioni ed un file da 800MB, ancora funzionava!<\/p>\n<p>[\/et_pb_text][\/et_pb_column][et_pb_column type=&#8221;1_2&#8243; saved_specialty_column_type=&#8221;3_4&#8243; _builder_version=&#8221;4.16&#8243; global_colors_info=&#8221;{}&#8221;][et_pb_image src=&#8221;https:\/\/d3qibwwkc7urrh.cloudfront.net\/wp-content\/uploads\/2020\/02\/26181905\/Roberto-Bigano-2.jpg&#8221; alt=&#8221;Roberto Bigano in his studio&#8221; title_text=&#8221;Roberto Bigano in his studio&#8221; _builder_version=&#8221;4.16&#8243; animation_style=&#8221;slide&#8221; animation_direction=&#8221;right&#8221; global_colors_info=&#8221;{}&#8221;][\/et_pb_image][\/et_pb_column][\/et_pb_row][et_pb_row column_structure=&#8221;1_2,1_2&#8243; make_equal=&#8221;on&#8221; module_class=&#8221;align-items: center&#8221; _builder_version=&#8221;4.16&#8243; width=&#8221;100%&#8221; custom_margin=&#8221;||35px||false|false&#8221; custom_margin_tablet=&#8221;||0px||false|false&#8221; custom_margin_phone=&#8221;&#8221; custom_margin_last_edited=&#8221;on|desktop&#8221; custom_padding=&#8221;10px||||false|false&#8221; custom_css_main_element=&#8221;align-items: center;&#8221; locked=&#8221;off&#8221; global_colors_info=&#8221;{}&#8221;][et_pb_column type=&#8221;1_2&#8243; saved_specialty_column_type=&#8221;3_4&#8243; _builder_version=&#8221;4.16&#8243; global_colors_info=&#8221;{}&#8221;][et_pb_toggle title=&#8221;Links&#8221; open_toggle_text_color=&#8221;#008093&#8243; admin_label=&#8221;Links&#8221; _builder_version=&#8221;4.16&#8243; title_text_color=&#8221;#008093&#8243; title_font_size=&#8221;16px&#8221; body_font_size=&#8221;14px&#8221; custom_margin=&#8221;|||0px|false|false&#8221; custom_padding=&#8221;|||30px|false|false&#8221; global_colors_info=&#8221;{}&#8221;]<\/p>\n<p>Photoshop<br \/> <a href=\"https:\/\/chris-reilly.org\/blog\/working-in-photoshop-1-0\/\" target=\"_blank\" rel=\"noopener noreferrer\">Working in Photoshop 1.0<\/a><\/p>\n<p>Olivetti:<br \/> <a href=\"https:\/\/www.varesenews.it\/2017\/04\/le-icone-del-computer-le-ha-inventate-olivetti\/613776\/\" target=\"_blank\" rel=\"noopener noreferrer\">Le icone del computer le ha inventate Olivetti<\/a><br \/> <a href=\"https:\/\/it.wikipedia.org\/wiki\/Adriano_Olivetti\" target=\"_blank\" rel=\"noopener noreferrer\">Adriano Olivetti Wikipedia<\/a><br \/> <a href=\"https:\/\/it.wikipedia.org\/wiki\/Olivetti_Elea_9003\" target=\"_blank\" rel=\"noopener noreferrer\">Olivetti Elea 9003<\/a><br \/> <a href=\"https:\/\/spectrum.ieee.org\/tech-history\/silicon-revolution\/the-italian-computer-olivettis-elea-9003-was-a-study-in-elegant-ergonomic-design\" target=\"_blank\" rel=\"noopener noreferrer\">The Italian Computer: Olivetti\u2019s ELEA 9003 Was a Study in Elegant, Ergonomic Design<\/a><br \/> <a href=\"https:\/\/en.wikipedia.org\/wiki\/Mario_Tchou\" target=\"_blank\" rel=\"noopener noreferrer\">Mario Tchou Wikipedia<\/a><br \/> <a href=\"https:\/\/en.wikipedia.org\/wiki\/Programma_101\" target=\"_blank\" rel=\"noopener noreferrer\">Olivetti Programma 101 Wikipedia<\/a><br \/> <a href=\"https:\/\/spectrum.ieee.org\/tech-history\/silicon-revolution\/the-calculator-that-helped-land-men-on-the-moon\" target=\"_blank\" rel=\"noopener noreferrer\">The Calculator That Helped Land Men on the Moon<br \/> <\/a><a href=\"http:\/\/www.silab.it\/frox\/p101\/press.html\" target=\"_blank\" rel=\"noopener noreferrer\">U.S. Press Coverage for the &#8220;Programma 101&#8221; in 1965<\/a><\/p>\n<p>Larry Tesler:<br \/> <a href=\"https:\/\/www.ilpost.it\/2020\/02\/20\/larry-tesler-inventore-copia-incolla-morto\/\" target=\"_blank\" rel=\"noopener noreferrer\">La storia di Larry Tesler, l&#8217;informatico statunitense che ci ha reso la vita molto pi\u00f9 facile<\/a><br \/> <a href=\"https:\/\/www.bbc.com\/news\/world-us-canada-51567695\" target=\"_blank\" rel=\"noopener noreferrer\">Larry Tesler: Computer scientist behind cut, copy and paste<\/a><\/p>\n<p>Apple<br \/> <a href=\"https:\/\/en.wikipedia.org\/wiki\/Steve_Jobs\">Steve Jobs Wikipedia<\/a><br \/> <a href=\"http:\/\/maas-interface-exhibition.s3-website-ap-southeast-2.amazonaws.com\/object\/macintosh-icons\/index.html\" target=\"_blank\" rel=\"noopener noreferrer\">Macintosh Icons By Susan Kare<\/a><\/p>\n<p><a href=\"https:\/\/computerhistory.org\/\" target=\"_blank\" rel=\"noopener noreferrer\">Mountain View Computer History Museum<\/a><\/p>\n<p>[\/et_pb_toggle][\/et_pb_column][et_pb_column type=&#8221;1_2&#8243; saved_specialty_column_type=&#8221;3_4&#8243; _builder_version=&#8221;4.16&#8243; global_colors_info=&#8221;{}&#8221;][\/et_pb_column][\/et_pb_row][\/et_pb_section]<\/p>\n","protected":false},"excerpt":{"rendered":"<p>Trent&#8217;anni fa, Adobe rilasciava Photoshop 1.0, destinato a rivoluzionare il photo editing. Ma come ci si \u00e8 arrivati. Cosa \u00e8 successo prima?<br \/>\nLasciatemi che vi racconti la storia di coloro che preparano un terreno fertile per queste innovazioni.<\/p>\n","protected":false},"author":2,"featured_media":35678,"comment_status":"open","ping_status":"closed","sticky":false,"template":"","format":"standard","meta":{"_et_pb_use_builder":"on","_et_pb_old_content":"","_et_gb_content_width":"","footnotes":""},"categories":[2361],"tags":[],"class_list":["post-34492","post","type-post","status-publish","format-standard","has-post-thumbnail","hentry","category-photoshop-2"],"_links":{"self":[{"href":"https:\/\/www.knowhowtransfer.com\/it\/wp-json\/wp\/v2\/posts\/34492","targetHints":{"allow":["GET"]}}],"collection":[{"href":"https:\/\/www.knowhowtransfer.com\/it\/wp-json\/wp\/v2\/posts"}],"about":[{"href":"https:\/\/www.knowhowtransfer.com\/it\/wp-json\/wp\/v2\/types\/post"}],"author":[{"embeddable":true,"href":"https:\/\/www.knowhowtransfer.com\/it\/wp-json\/wp\/v2\/users\/2"}],"replies":[{"embeddable":true,"href":"https:\/\/www.knowhowtransfer.com\/it\/wp-json\/wp\/v2\/comments?post=34492"}],"version-history":[{"count":0,"href":"https:\/\/www.knowhowtransfer.com\/it\/wp-json\/wp\/v2\/posts\/34492\/revisions"}],"wp:featuredmedia":[{"embeddable":true,"href":"https:\/\/www.knowhowtransfer.com\/it\/wp-json\/wp\/v2\/media\/35678"}],"wp:attachment":[{"href":"https:\/\/www.knowhowtransfer.com\/it\/wp-json\/wp\/v2\/media?parent=34492"}],"wp:term":[{"taxonomy":"category","embeddable":true,"href":"https:\/\/www.knowhowtransfer.com\/it\/wp-json\/wp\/v2\/categories?post=34492"},{"taxonomy":"post_tag","embeddable":true,"href":"https:\/\/www.knowhowtransfer.com\/it\/wp-json\/wp\/v2\/tags?post=34492"}],"curies":[{"name":"wp","href":"https:\/\/api.w.org\/{rel}","templated":true}]}}